{"id":12694,"date":"2026-09-04T11:55:14","date_gmt":"2026-09-04T16:55:14","guid":{"rendered":"https:\/\/www.lovill.com\/2026\/09\/el-socio-de-lovill-christopher-glasscock-nombrado-representante-regional-de-icc-yaaf-para-america-latina\/"},"modified":"2026-09-04T12:13:18","modified_gmt":"2026-09-04T17:13:18","slug":"el-socio-de-lovill-christopher-glasscock-nombrado-representante-regional-de-icc-yaaf-para-america-latina","status":"publish","type":"post","link":"https:\/\/www.lovill.com\/es\/2026\/09\/el-socio-de-lovill-christopher-glasscock-nombrado-representante-regional-de-icc-yaaf-para-america-latina\/","title":{"rendered":"Christopher Glasscock, nombrado Representante Regional de ICC YAAF para Am\u00e9rica Latina"},"content":{"rendered":"\n<p class=\"wp-block-paragraph\">En LOVILL, nos enorgullece celebrar las contribuciones profesionales y el liderazgo de nuestros socios y abogados dentro de la comunidad legal internacional.<\/p>\n\n<p class=\"wp-block-paragraph\">Nos complace compartir que nuestro socio Christopher Glasscock ha sido designado Representante Regional para Am\u00e9rica Latina del ICC Young Arbitration and ADR Forum (YAAF) para el mandato 2026-2028. La C\u00e1mara de Comercio Internacional anunci\u00f3 el nombramiento esta semana como parte de su nueva cohorte de representantes regionales, la m\u00e1s numerosa y geogr\u00e1ficamente diversa en la historia de la red. <\/p>\n\n<h3 class=\"wp-block-heading\">Una red global para la pr\u00f3xima generaci\u00f3n de la resoluci\u00f3n de disputas<\/h3>\n\n<p class=\"wp-block-paragraph\">Creado en 2008, ICC YAAF es la red m\u00e1s antigua y reconocida del mundo para j\u00f3venes profesionales de la resoluci\u00f3n de disputas. Conecta a m\u00e1s de 45.800 profesionales en siete cap\u00edtulos regionales en todo el mundo, y ofrece oportunidades de intercambio de conocimiento, mentor\u00eda y desarrollo profesional en arbitraje internacional y ADR. <\/p>\n\n<h3 class=\"wp-block-heading\">La cohorte 2026-2028, en cifras<\/h3>\n\n<ul class=\"wp-block-list\">\n<li><strong>116<\/strong> representantes regionales en todo el mundo <\/li>\n\n\n\n<li>Con presencia en <strong>87 ciudades<\/strong> de <strong>73 pa\u00edses<\/strong> <\/li>\n\n\n\n<li>En representaci\u00f3n de <strong>78 nacionalidades<\/strong> y <strong>20 idiomas<\/strong> <\/li>\n\n\n\n<li>Entre los pa\u00edses representados por primera vez figuran Dinamarca, los Pa\u00edses Bajos, Venezuela y Zimbabue<\/li>\n<\/ul>\n\n<h3 class=\"wp-block-heading\">En representaci\u00f3n de Am\u00e9rica Latina<\/h3>\n\n<p class=\"wp-block-paragraph\">Como Representante Regional, Christopher trabajar\u00e1 junto a la red global de ICC YAAF para reforzar la participaci\u00f3n en toda Am\u00e9rica Latina. Entre sus responsabilidades se incluyen el apoyo a j\u00f3venes profesionales del arbitraje y ADR mediante iniciativas de intercambio de conocimiento, programas de desarrollo profesional y un v\u00ednculo m\u00e1s estrecho con los Dispute Resolution Services de la ICC en la regi\u00f3n. <\/p>\n\n<p class=\"wp-block-paragraph\">El nombramiento refleja el reconocimiento de Christopher entre sus pares en el arbitraje internacional y el compromiso sostenido de LOVILL con las instituciones que configuran la resoluci\u00f3n de disputas en Am\u00e9rica Latina.<\/p>\n\n<p class=\"wp-block-paragraph\">El traspaso oficial entre los representantes salientes y entrantes tendr\u00e1 lugar en la 10.\u00aa Conferencia Global de ICC YAAF, en Londres, el 16 de octubre de 2026.<\/p>\n\n<p class=\"wp-block-paragraph\">En LOVILL, felicitamos a Christopher por este reconocimiento y esperamos poder respaldar su labor representando a Am\u00e9rica Latina en la comunidad global de la ICC.<\/p>\n\n<p class=\"wp-block-paragraph\"><em>Fuente: <a href=\"https:\/\/iccwbo.org\/news-publications\/news\/icc-welcomes-most-globally-representative-yaaf-cohort\/\">C\u00e1mara de Comercio Internacional \u2013 \u201cICC da la bienvenida a la cohorte de YAAF m\u00e1s representativa a escala mundial\u201d<\/a>, 4 de septiembre de 2026.<\/em><\/p>\n\n<figure class=\"wp-block-gallery has-nested-images columns-default is-cropped wp-block-gallery-1 is-layout-flex wp-block-gallery-is-layout-flex\">\n<figure class=\"wp-block-image size-large\"><img fetchpriority=\"high\" decoding=\"async\" width=\"819\" height=\"1024\" data-id=\"12684\" src=\"https:\/\/www.lovill.com\/wp-content\/uploads\/2026\/09\/Latin-America-Chapter-819x1024.jpg\" alt=\"\" class=\"wp-image-12684\" srcset=\"https:\/\/www.lovill.com\/wp-content\/uploads\/2026\/09\/Latin-America-Chapter-819x1024.jpg 819w, https:\/\/www.lovill.com\/wp-content\/uploads\/2026\/09\/Latin-America-Chapter-240x300.jpg 240w, https:\/\/www.lovill.com\/wp-content\/uploads\/2026\/09\/Latin-America-Chapter-768x960.jpg 768w, https:\/\/www.lovill.com\/wp-content\/uploads\/2026\/09\/Latin-America-Chapter.jpg 1080w\" sizes=\"(max-width: 819px) 100vw, 819px\" \/><\/figure>\n\n\n\n<figure class=\"wp-block-image size-large\"><img decoding=\"async\" width=\"819\" height=\"1024\" data-id=\"12685\" src=\"https:\/\/www.lovill.com\/wp-content\/uploads\/2026\/09\/Latin-America-Reps-819x1024.jpg\" alt=\"\" class=\"wp-image-12685\" srcset=\"https:\/\/www.lovill.com\/wp-content\/uploads\/2026\/09\/Latin-America-Reps-819x1024.jpg 819w, https:\/\/www.lovill.com\/wp-content\/uploads\/2026\/09\/Latin-America-Reps-240x300.jpg 240w, https:\/\/www.lovill.com\/wp-content\/uploads\/2026\/09\/Latin-America-Reps-768x960.jpg 768w, https:\/\/www.lovill.com\/wp-content\/uploads\/2026\/09\/Latin-America-Reps.jpg 1080w\" sizes=\"(max-width: 819px) 100vw, 819px\" \/><\/figure>\n\n\n\n<figure class=\"wp-block-image size-large\"><img decoding=\"async\" width=\"819\" height=\"1024\" data-id=\"12686\" src=\"https:\/\/www.lovill.com\/wp-content\/uploads\/2026\/09\/YAAF-regional-chapter-819x1024.jpg\" alt=\"\" class=\"wp-image-12686\" srcset=\"https:\/\/www.lovill.com\/wp-content\/uploads\/2026\/09\/YAAF-regional-chapter-819x1024.jpg 819w, https:\/\/www.lovill.com\/wp-content\/uploads\/2026\/09\/YAAF-regional-chapter-240x300.jpg 240w, https:\/\/www.lovill.com\/wp-content\/uploads\/2026\/09\/YAAF-regional-chapter-768x960.jpg 768w, https:\/\/www.lovill.com\/wp-content\/uploads\/2026\/09\/YAAF-regional-chapter.jpg 1080w\" sizes=\"(max-width: 819px) 100vw, 819px\" \/><\/figure>\n\n\n\n<figure class=\"wp-block-image size-large\"><img loading=\"lazy\" decoding=\"async\" width=\"819\" height=\"1024\" data-id=\"12683\" src=\"https:\/\/www.lovill.com\/wp-content\/uploads\/2026\/09\/Christopher-Glasscock-819x1024.png\" alt=\"Christopher Glasscock ICC YAAF - Representante para Am&#xE9;rica Latina\" class=\"wp-image-12683\" srcset=\"https:\/\/www.lovill.com\/wp-content\/uploads\/2026\/09\/Christopher-Glasscock-819x1024.png 819w, https:\/\/www.lovill.com\/wp-content\/uploads\/2026\/09\/Christopher-Glasscock-240x300.png 240w, https:\/\/www.lovill.com\/wp-content\/uploads\/2026\/09\/Christopher-Glasscock-768x960.png 768w, https:\/\/www.lovill.com\/wp-content\/uploads\/2026\/09\/Christopher-Glasscock.png 1080w\" sizes=\"(max-width: 819px) 100vw, 819px\" \/><\/figure>\n<\/figure>\n\n<p class=\"wp-block-paragraph\"><\/p>\n","protected":false},"excerpt":{"rendered":"<p>En LOVILL, nos enorgullece celebrar las contribuciones profesionales y el liderazgo de nuestros socios y abogados dentro de la comunidad legal internacional. Nos complace compartir que nuestro socio Christopher Glasscock ha sido designado Representante Regional para Am\u00e9rica Latina del ICC Young Arbitration and ADR Forum (YAAF) para el mandato 2026-2028. La C\u00e1mara de Comercio Internacional [&hellip;]<\/p>\n","protected":false},"author":1,"featured_media":12693,"comment_status":"closed","ping_status":"open","sticky":false,"template":"","format":"standard","meta":{"footnotes":""},"categories":[160,2],"tags":[],"class_list":["post-12694","post","type-post","status-publish","format-standard","has-post-thumbnail","hentry","category-resolucion-de-disputas","category-sin-categoria"],"yoast_head":"<!-- This site is optimized with the Yoast SEO plugin v28.4 - https:\/\/yoast.com\/product\/yoast-seo-wordpress\/ -->\n<title>Christopher Glasscock, nombrado Representante Regional de ICC YAAF | LOVILL<\/title>\n<meta name=\"description\" content=\"El socio de LOVILL Christopher Glasscock ha sido designado Representante Regional de ICC YAAF para Am\u00e9rica Latina (2026-2028), en representaci\u00f3n de la comunidad regional de resoluci\u00f3n de disputas.\" \/>\n<meta name=\"robots\" content=\"index, follow, max-snippet:-1, max-image-preview:large, max-video-preview:-1\" \/>\n<link rel=\"canonical\" href=\"https:\/\/www.lovill.com\/es\/2026\/09\/el-socio-de-lovill-christopher-glasscock-nombrado-representante-regional-de-icc-yaaf-para-america-latina\/\" \/>\n<meta property=\"og:locale\" content=\"es_ES\" \/>\n<meta property=\"og:type\" content=\"article\" \/>\n<meta property=\"og:title\" content=\"Christopher Glasscock, nombrado Representante Regional de ICC YAAF para Am\u00e9rica Latina\" \/>\n<meta property=\"og:description\" content=\"El socio de LOVILL Christopher Glasscock se incorpora a la cohorte 2026-2028 de Representantes Regionales de la ICC, la m\u00e1s numerosa y diversa a escala mundial en la historia de la red.\" \/>\n<meta property=\"og:url\" content=\"https:\/\/www.lovill.com\/es\/2026\/09\/el-socio-de-lovill-christopher-glasscock-nombrado-representante-regional-de-icc-yaaf-para-america-latina\/\" \/>\n<meta property=\"og:site_name\" content=\"Lovill\" \/>\n<meta property=\"article:published_time\" content=\"2026-09-04T16:55:14+00:00\" \/>\n<meta property=\"article:modified_time\" content=\"2026-09-04T17:13:18+00:00\" \/>\n<meta property=\"og:image\" content=\"https:\/\/www.lovill.com\/wp-content\/uploads\/2026\/09\/Christopher-Glasscock-240x300.png\" \/>\n<meta name=\"author\" content=\"lovill\" \/>\n<meta name=\"twitter:card\" content=\"summary_large_image\" \/>\n<meta name=\"twitter:title\" content=\"Christopher Glasscock, nombrado Representante Regional de ICC YAAF para Am\u00e9rica Latina\" \/>\n<meta name=\"twitter:description\" content=\"El socio de LOVILL Christopher Glasscock se incorpora a la cohorte 2026-2028 de Representantes Regionales de la ICC, la m\u00e1s numerosa y diversa a escala mundial en la historia de la red.\" \/>\n<meta name=\"twitter:image\" content=\"https:\/\/www.lovill.com\/wp-content\/uploads\/2026\/09\/Christopher-Glasscock-819x1024.png\" \/>\n<meta name=\"twitter:label1\" content=\"Escrito por\" \/>\n\t<meta name=\"twitter:data1\" content=\"lovill\" \/>\n\t<meta name=\"twitter:label2\" content=\"Tiempo de lectura\" \/>\n\t<meta name=\"twitter:data2\" content=\"3 minutos\" \/>\n<script type=\"application\/ld+json\" class=\"yoast-schema-graph\">{\"@context\":\"https:\\\/\\\/schema.org\",\"@graph\":[{\"@type\":\"Article\",\"@id\":\"https:\\\/\\\/www.lovill.com\\\/es\\\/2026\\\/09\\\/el-socio-de-lovill-christopher-glasscock-nombrado-representante-regional-de-icc-yaaf-para-america-latina\\\/#article\",\"isPartOf\":{\"@id\":\"https:\\\/\\\/www.lovill.com\\\/es\\\/2026\\\/09\\\/el-socio-de-lovill-christopher-glasscock-nombrado-representante-regional-de-icc-yaaf-para-america-latina\\\/\"},\"author\":{\"name\":\"lovill\",\"@id\":\"https:\\\/\\\/www.lovill.com\\\/es\\\/#\\\/schema\\\/person\\\/22c47963750ca6dac5b01c8d7ec2d66c\"},\"headline\":\"Christopher Glasscock, nombrado Representante Regional de ICC YAAF para Am\u00e9rica Latina\",\"datePublished\":\"2026-09-04T16:55:14+00:00\",\"dateModified\":\"2026-09-04T17:13:18+00:00\",\"mainEntityOfPage\":{\"@id\":\"https:\\\/\\\/www.lovill.com\\\/es\\\/2026\\\/09\\\/el-socio-de-lovill-christopher-glasscock-nombrado-representante-regional-de-icc-yaaf-para-america-latina\\\/\"},\"wordCount\":392,\"publisher\":{\"@id\":\"https:\\\/\\\/www.lovill.com\\\/es\\\/#organization\"},\"image\":{\"@id\":\"https:\\\/\\\/www.lovill.com\\\/es\\\/2026\\\/09\\\/el-socio-de-lovill-christopher-glasscock-nombrado-representante-regional-de-icc-yaaf-para-america-latina\\\/#primaryimage\"},\"thumbnailUrl\":\"https:\\\/\\\/www.lovill.com\\\/wp-content\\\/uploads\\\/2026\\\/09\\\/Web-banner-Headers-LOVILL-8.png\",\"articleSection\":[\"Resoluci\u00f3n de Disputas\"],\"inLanguage\":\"es\"},{\"@type\":\"WebPage\",\"@id\":\"https:\\\/\\\/www.lovill.com\\\/es\\\/2026\\\/09\\\/el-socio-de-lovill-christopher-glasscock-nombrado-representante-regional-de-icc-yaaf-para-america-latina\\\/\",\"url\":\"https:\\\/\\\/www.lovill.com\\\/es\\\/2026\\\/09\\\/el-socio-de-lovill-christopher-glasscock-nombrado-representante-regional-de-icc-yaaf-para-america-latina\\\/\",\"name\":\"Christopher Glasscock, nombrado Representante Regional de ICC YAAF | LOVILL\",\"isPartOf\":{\"@id\":\"https:\\\/\\\/www.lovill.com\\\/es\\\/#website\"},\"primaryImageOfPage\":{\"@id\":\"https:\\\/\\\/www.lovill.com\\\/es\\\/2026\\\/09\\\/el-socio-de-lovill-christopher-glasscock-nombrado-representante-regional-de-icc-yaaf-para-america-latina\\\/#primaryimage\"},\"image\":{\"@id\":\"https:\\\/\\\/www.lovill.com\\\/es\\\/2026\\\/09\\\/el-socio-de-lovill-christopher-glasscock-nombrado-representante-regional-de-icc-yaaf-para-america-latina\\\/#primaryimage\"},\"thumbnailUrl\":\"https:\\\/\\\/www.lovill.com\\\/wp-content\\\/uploads\\\/2026\\\/09\\\/Web-banner-Headers-LOVILL-8.png\",\"datePublished\":\"2026-09-04T16:55:14+00:00\",\"dateModified\":\"2026-09-04T17:13:18+00:00\",\"description\":\"El socio de LOVILL Christopher Glasscock ha sido designado Representante Regional de ICC YAAF para Am\u00e9rica Latina (2026-2028), en representaci\u00f3n de la comunidad regional de resoluci\u00f3n de disputas.\",\"breadcrumb\":{\"@id\":\"https:\\\/\\\/www.lovill.com\\\/es\\\/2026\\\/09\\\/el-socio-de-lovill-christopher-glasscock-nombrado-representante-regional-de-icc-yaaf-para-america-latina\\\/#breadcrumb\"},\"inLanguage\":\"es\",\"potentialAction\":[{\"@type\":\"ReadAction\",\"target\":[\"https:\\\/\\\/www.lovill.com\\\/es\\\/2026\\\/09\\\/el-socio-de-lovill-christopher-glasscock-nombrado-representante-regional-de-icc-yaaf-para-america-latina\\\/\"]}]},{\"@type\":\"ImageObject\",\"inLanguage\":\"es\",\"@id\":\"https:\\\/\\\/www.lovill.com\\\/es\\\/2026\\\/09\\\/el-socio-de-lovill-christopher-glasscock-nombrado-representante-regional-de-icc-yaaf-para-america-latina\\\/#primaryimage\",\"url\":\"https:\\\/\\\/www.lovill.com\\\/wp-content\\\/uploads\\\/2026\\\/09\\\/Web-banner-Headers-LOVILL-8.png\",\"contentUrl\":\"https:\\\/\\\/www.lovill.com\\\/wp-content\\\/uploads\\\/2026\\\/09\\\/Web-banner-Headers-LOVILL-8.png\",\"width\":1600,\"height\":900,\"caption\":\"Christopher Glasscock, designado Representante Regional para Am\u00e9rica Latina de ICC YAAF\"},{\"@type\":\"BreadcrumbList\",\"@id\":\"https:\\\/\\\/www.lovill.com\\\/es\\\/2026\\\/09\\\/el-socio-de-lovill-christopher-glasscock-nombrado-representante-regional-de-icc-yaaf-para-america-latina\\\/#breadcrumb\",\"itemListElement\":[{\"@type\":\"ListItem\",\"position\":1,\"name\":\"Home\",\"item\":\"https:\\\/\\\/www.lovill.com\\\/es\\\/\"},{\"@type\":\"ListItem\",\"position\":2,\"name\":\"Christopher Glasscock, nombrado Representante Regional de ICC YAAF para Am\u00e9rica Latina\"}]},{\"@type\":\"WebSite\",\"@id\":\"https:\\\/\\\/www.lovill.com\\\/es\\\/#website\",\"url\":\"https:\\\/\\\/www.lovill.com\\\/es\\\/\",\"name\":\"Lovill\",\"description\":\"\",\"publisher\":{\"@id\":\"https:\\\/\\\/www.lovill.com\\\/es\\\/#organization\"},\"potentialAction\":[{\"@type\":\"SearchAction\",\"target\":{\"@type\":\"EntryPoint\",\"urlTemplate\":\"https:\\\/\\\/www.lovill.com\\\/es\\\/?s={search_term_string}\"},\"query-input\":{\"@type\":\"PropertyValueSpecification\",\"valueRequired\":true,\"valueName\":\"search_term_string\"}}],\"inLanguage\":\"es\"},{\"@type\":\"Organization\",\"@id\":\"https:\\\/\\\/www.lovill.com\\\/es\\\/#organization\",\"name\":\"LOVILL\",\"url\":\"https:\\\/\\\/www.lovill.com\\\/es\\\/\",\"logo\":{\"@type\":\"ImageObject\",\"inLanguage\":\"es\",\"@id\":\"https:\\\/\\\/www.lovill.com\\\/es\\\/#\\\/schema\\\/logo\\\/image\\\/\",\"url\":\"https:\\\/\\\/www.lovill.com\\\/wp-content\\\/uploads\\\/2025\\\/11\\\/light-non-retina-dark.png\",\"contentUrl\":\"https:\\\/\\\/www.lovill.com\\\/wp-content\\\/uploads\\\/2025\\\/11\\\/light-non-retina-dark.png\",\"width\":1262,\"height\":263,\"caption\":\"LOVILL\"},\"image\":{\"@id\":\"https:\\\/\\\/www.lovill.com\\\/es\\\/#\\\/schema\\\/logo\\\/image\\\/\"},\"sameAs\":[\"https:\\\/\\\/www.linkedin.com\\\/company\\\/lovill\",\"https:\\\/\\\/www.instagram.com\\\/lovillpanama\\\/\"]},{\"@type\":\"Person\",\"@id\":\"https:\\\/\\\/www.lovill.com\\\/es\\\/#\\\/schema\\\/person\\\/22c47963750ca6dac5b01c8d7ec2d66c\",\"name\":\"lovill\",\"image\":{\"@type\":\"ImageObject\",\"inLanguage\":\"es\",\"@id\":\"https:\\\/\\\/secure.gravatar.com\\\/avatar\\\/f0a277762dc8b182387e95a1c4008fa01d2cf4d84c3e9a32eac2ec494f499826?s=96&d=mm&r=g\",\"url\":\"https:\\\/\\\/secure.gravatar.com\\\/avatar\\\/f0a277762dc8b182387e95a1c4008fa01d2cf4d84c3e9a32eac2ec494f499826?s=96&d=mm&r=g\",\"contentUrl\":\"https:\\\/\\\/secure.gravatar.com\\\/avatar\\\/f0a277762dc8b182387e95a1c4008fa01d2cf4d84c3e9a32eac2ec494f499826?s=96&d=mm&r=g\",\"caption\":\"lovill\"},\"sameAs\":[\"https:\\\/\\\/www.lovill.com\"],\"url\":\"https:\\\/\\\/www.lovill.com\\\/es\\\/author\\\/lovill\\\/\"}]}<\/script>\n<!-- \/ Yoast SEO plugin. -->","yoast_head_json":{"title":"Christopher Glasscock, nombrado Representante Regional de ICC YAAF | LOVILL","description":"El socio de LOVILL Christopher Glasscock ha sido designado Representante Regional de ICC YAAF para Am\u00e9rica Latina (2026-2028), en representaci\u00f3n de la comunidad regional de resoluci\u00f3n de disputas.","robots":{"index":"index","follow":"follow","max-snippet":"max-snippet:-1","max-image-preview":"max-image-preview:large","max-video-preview":"max-video-preview:-1"},"canonical":"https:\/\/www.lovill.com\/es\/2026\/09\/el-socio-de-lovill-christopher-glasscock-nombrado-representante-regional-de-icc-yaaf-para-america-latina\/","og_locale":"es_ES","og_type":"article","og_title":"Christopher Glasscock, nombrado Representante Regional de ICC YAAF para Am\u00e9rica Latina","og_description":"El socio de LOVILL Christopher Glasscock se incorpora a la cohorte 2026-2028 de Representantes Regionales de la ICC, la m\u00e1s numerosa y diversa a escala mundial en la historia de la red.","og_url":"https:\/\/www.lovill.com\/es\/2026\/09\/el-socio-de-lovill-christopher-glasscock-nombrado-representante-regional-de-icc-yaaf-para-america-latina\/","og_site_name":"Lovill","article_published_time":"2026-09-04T16:55:14+00:00","article_modified_time":"2026-09-04T17:13:18+00:00","og_image":[{"url":"https:\/\/www.lovill.com\/wp-content\/uploads\/2026\/09\/Christopher-Glasscock-240x300.png","type":"","width":"","height":""}],"author":"lovill","twitter_card":"summary_large_image","twitter_title":"Christopher Glasscock, nombrado Representante Regional de ICC YAAF para Am\u00e9rica Latina","twitter_description":"El socio de LOVILL Christopher Glasscock se incorpora a la cohorte 2026-2028 de Representantes Regionales de la ICC, la m\u00e1s numerosa y diversa a escala mundial en la historia de la red.","twitter_image":"https:\/\/www.lovill.com\/wp-content\/uploads\/2026\/09\/Christopher-Glasscock-819x1024.png","twitter_misc":{"Escrito por":"lovill","Tiempo de lectura":"3 minutos"},"schema":{"@context":"https:\/\/schema.org","@graph":[{"@type":"Article","@id":"https:\/\/www.lovill.com\/es\/2026\/09\/el-socio-de-lovill-christopher-glasscock-nombrado-representante-regional-de-icc-yaaf-para-america-latina\/#article","isPartOf":{"@id":"https:\/\/www.lovill.com\/es\/2026\/09\/el-socio-de-lovill-christopher-glasscock-nombrado-representante-regional-de-icc-yaaf-para-america-latina\/"},"author":{"name":"lovill","@id":"https:\/\/www.lovill.com\/es\/#\/schema\/person\/22c47963750ca6dac5b01c8d7ec2d66c"},"headline":"Christopher Glasscock, nombrado Representante Regional de ICC YAAF para Am\u00e9rica Latina","datePublished":"2026-09-04T16:55:14+00:00","dateModified":"2026-09-04T17:13:18+00:00","mainEntityOfPage":{"@id":"https:\/\/www.lovill.com\/es\/2026\/09\/el-socio-de-lovill-christopher-glasscock-nombrado-representante-regional-de-icc-yaaf-para-america-latina\/"},"wordCount":392,"publisher":{"@id":"https:\/\/www.lovill.com\/es\/#organization"},"image":{"@id":"https:\/\/www.lovill.com\/es\/2026\/09\/el-socio-de-lovill-christopher-glasscock-nombrado-representante-regional-de-icc-yaaf-para-america-latina\/#primaryimage"},"thumbnailUrl":"https:\/\/www.lovill.com\/wp-content\/uploads\/2026\/09\/Web-banner-Headers-LOVILL-8.png","articleSection":["Resoluci\u00f3n de Disputas"],"inLanguage":"es"},{"@type":"WebPage","@id":"https:\/\/www.lovill.com\/es\/2026\/09\/el-socio-de-lovill-christopher-glasscock-nombrado-representante-regional-de-icc-yaaf-para-america-latina\/","url":"https:\/\/www.lovill.com\/es\/2026\/09\/el-socio-de-lovill-christopher-glasscock-nombrado-representante-regional-de-icc-yaaf-para-america-latina\/","name":"Christopher Glasscock, nombrado Representante Regional de ICC YAAF | LOVILL","isPartOf":{"@id":"https:\/\/www.lovill.com\/es\/#website"},"primaryImageOfPage":{"@id":"https:\/\/www.lovill.com\/es\/2026\/09\/el-socio-de-lovill-christopher-glasscock-nombrado-representante-regional-de-icc-yaaf-para-america-latina\/#primaryimage"},"image":{"@id":"https:\/\/www.lovill.com\/es\/2026\/09\/el-socio-de-lovill-christopher-glasscock-nombrado-representante-regional-de-icc-yaaf-para-america-latina\/#primaryimage"},"thumbnailUrl":"https:\/\/www.lovill.com\/wp-content\/uploads\/2026\/09\/Web-banner-Headers-LOVILL-8.png","datePublished":"2026-09-04T16:55:14+00:00","dateModified":"2026-09-04T17:13:18+00:00","description":"El socio de LOVILL Christopher Glasscock ha sido designado Representante Regional de ICC YAAF para Am\u00e9rica Latina (2026-2028), en representaci\u00f3n de la comunidad regional de resoluci\u00f3n de disputas.","breadcrumb":{"@id":"https:\/\/www.lovill.com\/es\/2026\/09\/el-socio-de-lovill-christopher-glasscock-nombrado-representante-regional-de-icc-yaaf-para-america-latina\/#breadcrumb"},"inLanguage":"es","potentialAction":[{"@type":"ReadAction","target":["https:\/\/www.lovill.com\/es\/2026\/09\/el-socio-de-lovill-christopher-glasscock-nombrado-representante-regional-de-icc-yaaf-para-america-latina\/"]}]},{"@type":"ImageObject","inLanguage":"es","@id":"https:\/\/www.lovill.com\/es\/2026\/09\/el-socio-de-lovill-christopher-glasscock-nombrado-representante-regional-de-icc-yaaf-para-america-latina\/#primaryimage","url":"https:\/\/www.lovill.com\/wp-content\/uploads\/2026\/09\/Web-banner-Headers-LOVILL-8.png","contentUrl":"https:\/\/www.lovill.com\/wp-content\/uploads\/2026\/09\/Web-banner-Headers-LOVILL-8.png","width":1600,"height":900,"caption":"Christopher Glasscock, designado Representante Regional para Am\u00e9rica Latina de ICC YAAF"},{"@type":"BreadcrumbList","@id":"https:\/\/www.lovill.com\/es\/2026\/09\/el-socio-de-lovill-christopher-glasscock-nombrado-representante-regional-de-icc-yaaf-para-america-latina\/#breadcrumb","itemListElement":[{"@type":"ListItem","position":1,"name":"Home","item":"https:\/\/www.lovill.com\/es\/"},{"@type":"ListItem","position":2,"name":"Christopher Glasscock, nombrado Representante Regional de ICC YAAF para Am\u00e9rica Latina"}]},{"@type":"WebSite","@id":"https:\/\/www.lovill.com\/es\/#website","url":"https:\/\/www.lovill.com\/es\/","name":"Lovill","description":"","publisher":{"@id":"https:\/\/www.lovill.com\/es\/#organization"},"potentialAction":[{"@type":"SearchAction","target":{"@type":"EntryPoint","urlTemplate":"https:\/\/www.lovill.com\/es\/?s={search_term_string}"},"query-input":{"@type":"PropertyValueSpecification","valueRequired":true,"valueName":"search_term_string"}}],"inLanguage":"es"},{"@type":"Organization","@id":"https:\/\/www.lovill.com\/es\/#organization","name":"LOVILL","url":"https:\/\/www.lovill.com\/es\/","logo":{"@type":"ImageObject","inLanguage":"es","@id":"https:\/\/www.lovill.com\/es\/#\/schema\/logo\/image\/","url":"https:\/\/www.lovill.com\/wp-content\/uploads\/2025\/11\/light-non-retina-dark.png","contentUrl":"https:\/\/www.lovill.com\/wp-content\/uploads\/2025\/11\/light-non-retina-dark.png","width":1262,"height":263,"caption":"LOVILL"},"image":{"@id":"https:\/\/www.lovill.com\/es\/#\/schema\/logo\/image\/"},"sameAs":["https:\/\/www.linkedin.com\/company\/lovill","https:\/\/www.instagram.com\/lovillpanama\/"]},{"@type":"Person","@id":"https:\/\/www.lovill.com\/es\/#\/schema\/person\/22c47963750ca6dac5b01c8d7ec2d66c","name":"lovill","image":{"@type":"ImageObject","inLanguage":"es","@id":"https:\/\/secure.gravatar.com\/avatar\/f0a277762dc8b182387e95a1c4008fa01d2cf4d84c3e9a32eac2ec494f499826?s=96&d=mm&r=g","url":"https:\/\/secure.gravatar.com\/avatar\/f0a277762dc8b182387e95a1c4008fa01d2cf4d84c3e9a32eac2ec494f499826?s=96&d=mm&r=g","contentUrl":"https:\/\/secure.gravatar.com\/avatar\/f0a277762dc8b182387e95a1c4008fa01d2cf4d84c3e9a32eac2ec494f499826?s=96&d=mm&r=g","caption":"lovill"},"sameAs":["https:\/\/www.lovill.com"],"url":"https:\/\/www.lovill.com\/es\/author\/lovill\/"}]}},"_links":{"self":[{"href":"https:\/\/www.lovill.com\/es\/wp-json\/wp\/v2\/posts\/12694","targetHints":{"allow":["GET"]}}],"collection":[{"href":"https:\/\/www.lovill.com\/es\/wp-json\/wp\/v2\/posts"}],"about":[{"href":"https:\/\/www.lovill.com\/es\/wp-json\/wp\/v2\/types\/post"}],"author":[{"embeddable":true,"href":"https:\/\/www.lovill.com\/es\/wp-json\/wp\/v2\/users\/1"}],"replies":[{"embeddable":true,"href":"https:\/\/www.lovill.com\/es\/wp-json\/wp\/v2\/comments?post=12694"}],"version-history":[{"count":3,"href":"https:\/\/www.lovill.com\/es\/wp-json\/wp\/v2\/posts\/12694\/revisions"}],"predecessor-version":[{"id":12699,"href":"https:\/\/www.lovill.com\/es\/wp-json\/wp\/v2\/posts\/12694\/revisions\/12699"}],"wp:featuredmedia":[{"embeddable":true,"href":"https:\/\/www.lovill.com\/es\/wp-json\/wp\/v2\/media\/12693"}],"wp:attachment":[{"href":"https:\/\/www.lovill.com\/es\/wp-json\/wp\/v2\/media?parent=12694"}],"wp:term":[{"taxonomy":"category","embeddable":true,"href":"https:\/\/www.lovill.com\/es\/wp-json\/wp\/v2\/categories?post=12694"},{"taxonomy":"post_tag","embeddable":true,"href":"https:\/\/www.lovill.com\/es\/wp-json\/wp\/v2\/tags?post=12694"}],"curies":[{"name":"wp","href":"https:\/\/api.w.org\/{rel}","templated":true}]}}